{"id":10102,"date":"2017-11-06T19:26:46","date_gmt":"2017-11-06T18:26:46","guid":{"rendered":"http:\/\/www.michelecaffin-decryptagedentaire.com\/?p=10102"},"modified":"2022-12-27T14:21:39","modified_gmt":"2022-12-27T13:21:39","slug":"conferenza-di-michele-caffin-al-congresso-odenth-18-19-maio-2018-bruxelles","status":"publish","type":"post","link":"https:\/\/www.michelecaffin-decryptagedentaire.com\/it\/conferenza-di-michele-caffin-al-congresso-odenth-18-19-maio-2018-bruxelles\/","title":{"rendered":"Conferenza di Mich\u00e8le Caffin al congresso ODENTH &#8211; 18 &#038; 19 maio 2018 &#8211; Bruxelles"},"content":{"rendered":"<h2><span id=\"result_box\" class=\"\" lang=\"it\"><span class=\"\">19\u00b0 congresso Odent 2018 &#8211; Bruxelles<\/span><\/span><\/h2>\n<h3><span id=\"result_box\" class=\"\" lang=\"it\"><span class=\"\">Dal venerd\u00ec 18 al sabato 19 maggio 2018 &#8211; Hotel Le Plaza<\/span><\/span><\/h3>\n<h4><span id=\"result_box\" class=\"\" lang=\"it\"><span class=\"\">Tema del Congresso: &#8220;Odontoiatria energetica: alternative naturali agli antibiotici&#8221;<\/span><\/span><\/h4>\n<p><strong>&gt;\u00a0<a href=\"https:\/\/congres-odenth-2018.onsinscrit.com\/accueil.php\"><span id=\"result_box\" class=\"\" lang=\"it\"><span class=\"\">Registro per il congresso (in francese)<\/span><\/span> <\/a><\/strong><\/p>\n<hr \/>\n<h3><span id=\"result_box\" class=\"\" lang=\"it\"><span class=\"\">Il programma scientifico del 2018<\/span><\/span><\/h3>\n<h5><\/h5>\n<h4><strong><span id=\"result_box\" class=\"\" lang=\"it\"><span class=\"\">&#8212; Venerd\u00ec 18 maggio 2018 &#8212;<\/span><\/span><\/strong><\/h4>\n<p><strong><span id=\"result_box\" class=\"\" lang=\"it\"><span class=\"\">Inizio delle lezioni: 9h<\/span><\/span><\/strong><\/p>\n<ul>\n<li><strong><span id=\"result_box\" class=\"\" lang=\"it\"><span class=\"\">I microbi sono entrati in resistenza.<\/span> <span class=\"\">La nostra terra \u00e8 stata estratta<\/span><\/span>?\u00a0<\/strong><br \/>\n<span id=\"result_box\" class=\"\" lang=\"it\"><span class=\"\">Dr Michel VANOUDENHOVEN (medico generico) &#8211; Belgio<\/span><\/span><\/li>\n<li><strong><span id=\"result_box\" class=\"\" lang=\"it\"><span class=\"\">Riserve medico-legali sulle prescrizioni antibiotiche<\/span><\/span><\/strong><br \/>\nDr Didier SIMONNET <span id=\"result_box\" class=\"\" lang=\"it\"><span class=\"\">(chirurgo dentale) &#8211; Francia<\/span><\/span><\/li>\n<li><strong><span id=\"result_box\" class=\"\" lang=\"it\"><span class=\"\">Interesse dei probiotici nella medicina orale<\/span><\/span><\/strong><br \/>\nDr Florine BOUKHOBZA <span id=\"result_box\" class=\"\" lang=\"it\"><span class=\"\">(dentista chirurgo) &#8211; Francia<\/span><\/span><\/li>\n<li><strong><span id=\"result_box\" class=\"\" lang=\"it\"> <span class=\"\">Omeopatia e gestione delle infezioni orali<\/span><\/span><\/strong><\/li>\n<li>Dr Gr\u00e9gory HELFENBEIN <span id=\"result_box\" class=\"\" lang=\"it\"><span class=\"\">(chirurgo dentale) &#8211; Francia<\/span><\/span><\/li>\n<li><strong><span id=\"result_box\" class=\"\" lang=\"it\"><span class=\"\">Trattamenti antibatterici naturali: 30 anni di esperienza clinica<\/span><\/span><br \/>\n<\/strong>Dr Catherine ROSSI <span id=\"result_box\" class=\"\" lang=\"it\"><span class=\"\">(chirurgo dentale) &#8211; Francia<\/span><\/span><\/li>\n<li><strong><span id=\"result_box\" class=\"\" lang=\"it\"><span class=\"\">Come \u00e8 stato fatto prima di antibiotici?<\/span><\/span><br \/>\n<\/strong>Dr \u00c9lisabeth JOHAN-AMOURETTE <span id=\"result_box\" class=\"\" lang=\"it\"><span class=\"\">(chirurgo dentale) &#8211; Francia<\/span><\/span><\/li>\n<\/ul>\n<h5><\/h5>\n<p><strong>17h &#8211; <span id=\"result_box\" class=\"\" lang=\"it\"><span title=\"17h - Assembl\u00e9e G\u00e9n\u00e9rale Odenth \">Assemblea Generale<\/span><\/span> Odenth<\/strong><\/p>\n<p><strong>20h &#8211; <span id=\"result_box\" class=\"\" lang=\"it\"><span title=\"20h - D\u00eener-Spectacle &amp; soir\u00e9e dansante Le Plaza \">Cena-Show &amp; Dance Le Plaza<\/span><\/span><br \/>\n<\/strong><\/p>\n<h4><strong>&#8212; Samedi 19 mai 2018 &#8212;<br \/>\n<\/strong><\/h4>\n<p><strong><span id=\"result_box\" class=\"\" lang=\"it\"><span title=\"D\u00e9but des conf\u00e9rences : 9h \u00a0\u00a0\u00a0\u00a0\">Inizio delle lezioni: 9h<\/span><\/span><\/strong><\/p>\n<ul>\n<li><strong><span id=\"result_box\" class=\"\" lang=\"it\"><span title=\"Comment stimuler l\u2019immunit\u00e9 et \u00e9viter les r\u00e9cidives infectieuses ? \u00a0\u00a0\u00a0\u00a0\">Come aumentare l&#8217;immunit\u00e0 e prevenire la ripetizione?<\/span><\/span><\/strong><br \/>\nDr Bernadette PREAT <span id=\"result_box\" class=\"\" lang=\"it\"><span title=\"Dr Bernadette PREAT (M\u00e9decin G\u00e9n\u00e9raliste) \u2013 Belgique \u00a0\u00a0\u00a0\u00a0\"> (medico generico) &#8211; Belgio<\/span><\/span><\/li>\n<li><strong>Laser<span id=\"result_box\" class=\"\" lang=\"it\"><span title=\"Laser et P\u00e9ri-implantites.\"> e Peri-implantite. <\/span><span title=\"Myristica Sebifera, un substitut aux antibiotiques \u00a0\u00a0\u00a0\u00a0\">Myristica Sebifera, un sostituto degli antibiotici<\/span><\/span><\/strong><br \/>\nDr Didier SIMONNET <span id=\"result_box\" class=\"\" lang=\"it\"><span title=\"Dr Didier SIMONNET (Chirurgien Dentiste) \u2013 France \u00a0\u00a0\u00a0\u00a0\">(chirurgo dentale) &#8211; Francia<\/span><\/span><\/li>\n<li><strong><span id=\"result_box\" class=\"\" lang=\"it\"><span title=\"Alternatives naturelles aux antibiotiques en parodontologie et implantologie orale \u00a0\u00a0\u00a0\u00a0\">Alternative naturali per gli antibiotici nella parodontologia e nell&#8217;implantologia orale<\/span><\/span><br \/>\n<\/strong>Pascal EPPE <span id=\"result_box\" class=\"\" lang=\"it\"><span title=\"Dr Bernadette PREAT (M\u00e9decin G\u00e9n\u00e9raliste) \u2013 Belgique \u00a0\u00a0\u00a0\u00a0\">(medico generico) &#8211; Belgio<\/span><\/span><\/li>\n<li><strong><span id=\"result_box\" class=\"\" lang=\"it\"><span title=\"Les huiles essentielles : Applications cliniques et protocoles d\u2019utilisation en dentisterie \u00a0\u00a0\u00a0\u00a0\">Oli essenziali: applicazioni cliniche e protocolli d&#8217;uso in odontoiatria<\/span><\/span><br \/>\n<\/strong>Dr Christine PEREZ <span id=\"result_box\" class=\"\" lang=\"it\"><span title=\"Dr Didier SIMONNET (Chirurgien Dentiste) \u2013 France \u00a0\u00a0\u00a0\u00a0\">(chirurgo dentale) &#8211; Francia<\/span><\/span><\/li>\n<li><strong><span id=\"result_box\" class=\"\" lang=\"it\"><span title=\"Un cas clinique de parodontologie trait\u00e9 par hom\u00e9opathie \u00a0\u00a0\u00a0\u00a0\">Un caso clinico di parodontologia trattato da omeopatia<\/span><\/span><\/strong><br \/>\nSerge HENROTTE <span id=\"result_box\" class=\"\" lang=\"it\"><span title=\"Dr Bernadette PREAT (M\u00e9decin G\u00e9n\u00e9raliste) \u2013 Belgique \u00a0\u00a0\u00a0\u00a0\">(medico generico) &#8211; Belgio<\/span><\/span><\/li>\n<li><strong><span id=\"result_box\" class=\"\" lang=\"it\"><span title=\"Int\u00e9r\u00eat des Oligo-El\u00e9ments et allergie aux antibotiques \u00a0\u00a0\u00a0\u00a0\">Interesse degli elementi di traccia e allergia agli antibiotici<\/span><\/span><\/strong><br \/>\nDr Michel ARTEIL <span id=\"result_box\" class=\"\" lang=\"it\"><span title=\"Dr Didier SIMONNET (Chirurgien Dentiste) \u2013 France \u00a0\u00a0\u00a0\u00a0\">(chirurgo dentale) &#8211; Francia<\/span><\/span><\/li>\n<li><strong><span id=\"result_box\" class=\"\" lang=\"it\"><span title=\"La Dent, force de vie physique, psychique, gardienne de notre immunit\u00e9 - Dr Mich\u00e8le CAFFIN (Chirurgien Dentiste) - France\">Il dente, forza della vita fisica, psichico, tutore della nostra immunit\u00e0<br \/>\n<\/span><\/span><\/strong><span id=\"result_box\" class=\"\" lang=\"it\"><span title=\"La Dent, force de vie physique, psychique, gardienne de notre immunit\u00e9 - Dr Mich\u00e8le CAFFIN (Chirurgien Dentiste) - France\">Dr. Mich\u00e8le CAFFIN (dentista) &#8211; Francia<\/span><\/span> &#8211;<\/li>\n<\/ul>\n<h5><\/h5>\n<p><strong>17h &#8211; <span id=\"result_box\" class=\"\" lang=\"it\"><span title=\"7h - Cl\u00f4ture du congr\u00e8s \">Chiusura del congresso<\/span><\/span><br \/>\n<\/strong><\/p>\n<hr \/>\n<h4><\/h4>\n<div class=\"layoutArea\">\n<h3><span id=\"result_box\" class=\"\" lang=\"it\"><span title=\"Le programme touristique 2018 \">Il programma turistico del 2018<\/span><\/span><\/h3>\n<\/div>\n<h4><span id=\"result_box\" class=\"\" lang=\"it\"><span title=\"Grand Place Alchimique \">Grande Piazza Alchemica<\/span><\/span><\/h4>\n<p><span id=\"result_box\" class=\"\" lang=\"it\"><span title=\"Bruxelles, la ville aux sept portes, aux sept temples principaux, aux sept lignages tr\u00e8s anciens, rec\u00e8le des coins inconnus du grand public, des \u0153uvres myst\u00e9rieuses grav\u00e9es dans la pierre, des \u00e9glises constell\u00e9es d\u2018\u00e9nigmes difficilement d\u00e9chiffrables. \">Bruxelles, la citt\u00e0 con sette porte, sette templi principali, sette antichi lignaggi, contiene angoli sconosciuti del grande pubblico, opere misteriose intagliate in pietra, chiese costellate di enigmi difficili da decifrare.<\/span><br \/>\n<\/span><\/p>\n<h4><span id=\"result_box\" class=\"\" lang=\"it\"><span title=\"Bruxelles incontournable \">Bruxelles deve vedere<\/span><\/span><\/h4>\n<p><span id=\"result_box\" class=\"\" lang=\"it\"><span title=\"D\u00e9couvrir les monuments et sites remarquables du centre de Bruxelles : la Grand Place et ses quartiers, le Grand Sablon, les Marolles et l\u2019incontournable Manneken-Pis. \">Scopri i monumenti ei luoghi notevoli del centro di Bruxelles: la Grand Place ei suoi quartieri, il Grand Sablon, i Marolles e l&#8217;inevitabile Manneken-Pis.<\/span><\/span><\/p>\n<h4>BD &#8211; Tintin e Bruxelles<\/h4>\n<p><span id=\"result_box\" class=\"\" lang=\"it\"><span title=\"De phylact\u00e8res en phylact\u00e8res et gr\u00e2ce au air de Milou, d\u00e9couvrez le Bruxelles authentique d\u2019Herg\u00e9.\">Dalle phylacteries alle phylacteries e grazie all&#8217;aria di Snowy scopri l&#8217;autentico Bruxelles di Herg\u00e9. <\/span><span title=\"Depuis les notes de la Castafiore devant le th\u00e9\u00e2tre Royal de la Monnaie, jusqu\u2019au port de Bruxelles avec le capitaine Haddock, en passant par l\u2019\u00e9vocation de la rencontre entre Tchang et Herg\u00e9. \">Dalle note del Castafiore davanti al Teatro Reale della Menta, al porto di Bruxelles con il Capitano Haddock, passando per l&#8217;evocazione dell&#8217;incontro tra Chiang e Herg\u00e9.<\/span><\/span><\/p>\n<p><strong><span id=\"result_box\" class=\"\" lang=\"it\"><span title=\"D\u00e9couverte du Chocolat \">Scoperta di cioccolato<\/span><\/span><\/strong><\/p>\n<p><span id=\"result_box\" class=\"\" lang=\"it\"><span title=\"Visite du Mus\u00e9e Choco Story avec d\u00e9monstration de fabrication de pralines et d\u00e9gustation suivie d\u2019une promenade dans le centre historique a\u0300 la rencontre des grands chocolatiers belges. \">Visita del Museo Choco Story con dimostrazione di fare cioccolatini e degustazione seguita da una passeggiata nel centro storico per incontrare i grandi cioccolatini belgi.<br \/>\n<\/span><\/span><\/p>\n<h4><span id=\"result_box\" class=\"\" lang=\"it\"><span title=\"D\u00e9couverte de la Bi\u00e8re Belge \">Scopri la birra belga<\/span><\/span><\/h4>\n<p><span id=\"result_box\" class=\"\" lang=\"it\"><span title=\"Visitez, en compagnie d'un guide Bruxellois, \u00e0 bord d'une ambulance des ann\u00e9es 50, d'un ancien bus ou tram, deux brasseries belges, le mus\u00e9e de la Bi\u00e8re et profitez de quatre d\u00e9gustations de bi\u00e8res bruxelloises tout cela dans une ambiance\">Visita accompagnata da una guida di Bruxelles, in un&#8217;ambulanza degli anni 50, un vecchio autobus o un tram, due birrerie belghe, un museo della birra e godere di quattro degustazioni di birra a Bruxelles tutto in un&#8217;atmosfera amichevole. <\/span><span title=\"festive et vintage.\">festive e vintage.<\/span><\/span><\/p>\n<hr \/>\n<h3><span id=\"result_box\" class=\"\" lang=\"it\"><span class=\"\">Per ulteriori informazioni<\/span><\/span>:<\/h3>\n<p>Tel. +33 (0)6 16 35 13 02 &#8211; email : congres.odenth@gmail.com<\/p>\n<p>&gt;\u00a0<a href=\"\/wp-content\/uploads\/2017\/11\/plaquette-congres-bruxelles-2018.pdf\"><span id=\"result_box\" class=\"\" lang=\"it\"><span class=\"\">Scarica la brochure completa (pdf)<\/span><\/span><\/a><\/p>\n<h4><strong>INSCRIPTION PAR COURRIER<\/strong><\/h4>\n<p>&gt; <a href=\"\/wp-content\/uploads\/2017\/11\/Reservation-hotel-le-plaza-2018.pdf\"><span id=\"result_box\" class=\"\" lang=\"it\"><span class=\"\">Scarica il file di prenotazione per camere d&#8217;albergo con tariffa preferenziale (pdf)<\/span><\/span><\/a><br \/>\n&gt; <a href=\"\/wp-content\/uploads\/2017\/11\/ODENTH_belgique_2018_inscription.pdf\"><span id=\"result_box\" class=\"\" lang=\"it\"><span class=\"\">Scarica il modulo di registrazione (pdf)<\/span><\/span><\/a><\/p>\n<p><strong><span id=\"result_box\" class=\"\" lang=\"it\"><span class=\"\">Per tornare imperativamente a<\/span><\/span>:<\/strong><br \/>\nAzur.com Organisation &#8211; Congr\u00e8s Odenth &#8211; 64 rue Charles Gounod &#8211; 83150 Bandol &#8211; Francia<\/p>\n<h4><strong><span id=\"result_box\" class=\"\" lang=\"it\"><span class=\"\">REGISTRAZIONE ONLINE<\/span><\/span><\/strong><\/h4>\n<p><strong>&gt;\u00a0<a href=\"https:\/\/congres-odenth-2018.onsinscrit.com\/accueil.php\"><span id=\"result_box\" class=\"\" lang=\"it\"><span class=\"\">Registro per il congresso (in francese)<\/span><\/span> <\/a><\/strong><\/p>\n","protected":false},"excerpt":{"rendered":"<p>19\u00b0 congresso Odent 2018 &#8211; Bruxelles Dal venerd\u00ec 18 al sabato 19 maggio 2018 &#8211; Hotel Le Plaza Tema del Congresso: &#8220;Odontoiatria energetica: alternative naturali agli antibiotici&#8221; &gt;\u00a0Registro per il congresso (in francese) Il programma scientifico del 2018 &#8212; Venerd\u00ec 18 maggio 2018 &#8212; Inizio delle lezioni: 9h I microbi sono entrati in resistenza. La&#8230;<\/p>\n","protected":false},"author":1,"featured_media":10091,"comment_status":"open","ping_status":"open","sticky":false,"template":"","format":"standard","meta":{"footnotes":""},"categories":[143],"tags":[147,138,117,179,163,139,145],"class_list":["post-10102","post","type-post","status-publish","format-standard","has-post-thumbnail","hentry","category-i-miei-laboratori","tag-conferenza","tag-cura-dentaria-olistica","tag-decodifica-dentale","tag-dentisterie-it","tag-odorato","tag-oli-essenziali","tag-tecnica-dentale"],"yoast_head":"<!-- This site is optimized with the Yoast SEO plugin v27.3 - https:\/\/yoast.com\/product\/yoast-seo-wordpress\/ -->\n<title>Conferenza di Mich\u00e8le Caffin al congresso ODENTH - 18 &amp; 19 maio 2018 - Bruxelles - Mich\u00e8le Caffin - D\u00e9cryptage dentaire<\/title>\n<meta name=\"robots\" content=\"index, follow, max-snippet:-1, max-image-preview:large, max-video-preview:-1\" \/>\n<link rel=\"canonical\" href=\"https:\/\/www.michelecaffin-decryptagedentaire.com\/it\/conferenza-di-michele-caffin-al-congresso-odenth-18-19-maio-2018-bruxelles\/\" \/>\n<meta property=\"og:locale\" content=\"it_IT\" \/>\n<meta property=\"og:type\" content=\"article\" \/>\n<meta property=\"og:title\" content=\"Conferenza di Mich\u00e8le Caffin al congresso ODENTH - 18 &amp; 19 maio 2018 - Bruxelles - Mich\u00e8le Caffin - D\u00e9cryptage dentaire\" \/>\n<meta property=\"og:description\" content=\"19\u00b0 congresso Odent 2018 &#8211; Bruxelles Dal venerd\u00ec 18 al sabato 19 maggio 2018 &#8211; Hotel Le Plaza Tema del Congresso: &#8220;Odontoiatria energetica: alternative naturali agli antibiotici&#8221; &gt;\u00a0Registro per il congresso (in francese) Il programma scientifico del 2018 &#8212; Venerd\u00ec 18 maggio 2018 &#8212; Inizio delle lezioni: 9h I microbi sono entrati in resistenza. La...\" \/>\n<meta property=\"og:url\" content=\"https:\/\/www.michelecaffin-decryptagedentaire.com\/it\/conferenza-di-michele-caffin-al-congresso-odenth-18-19-maio-2018-bruxelles\/\" \/>\n<meta property=\"og:site_name\" content=\"Mich\u00e8le Caffin - D\u00e9cryptage dentaire\" \/>\n<meta property=\"article:published_time\" content=\"2017-11-06T18:26:46+00:00\" \/>\n<meta property=\"article:modified_time\" content=\"2022-12-27T13:21:39+00:00\" \/>\n<meta property=\"og:image\" content=\"https:\/\/www.michelecaffin-decryptagedentaire.com\/wp-content\/uploads\/2017\/11\/Odenth-congres-2018.jpg\" \/>\n\t<meta property=\"og:image:width\" content=\"937\" \/>\n\t<meta property=\"og:image:height\" content=\"451\" \/>\n\t<meta property=\"og:image:type\" content=\"image\/jpeg\" \/>\n<meta name=\"author\" content=\"admin-mcud\" \/>\n<meta name=\"twitter:card\" content=\"summary_large_image\" \/>\n<meta name=\"twitter:label1\" content=\"Scritto da\" \/>\n\t<meta name=\"twitter:data1\" content=\"admin-mcud\" \/>\n\t<meta name=\"twitter:label2\" content=\"Tempo di lettura stimato\" \/>\n\t<meta name=\"twitter:data2\" content=\"3 minuti\" \/>\n<script type=\"application\/ld+json\" class=\"yoast-schema-graph\">{\"@context\":\"https:\\\/\\\/schema.org\",\"@graph\":[{\"@type\":\"Article\",\"@id\":\"https:\\\/\\\/www.michelecaffin-decryptagedentaire.com\\\/it\\\/conferenza-di-michele-caffin-al-congresso-odenth-18-19-maio-2018-bruxelles\\\/#article\",\"isPartOf\":{\"@id\":\"https:\\\/\\\/www.michelecaffin-decryptagedentaire.com\\\/it\\\/conferenza-di-michele-caffin-al-congresso-odenth-18-19-maio-2018-bruxelles\\\/\"},\"author\":{\"name\":\"admin-mcud\",\"@id\":\"https:\\\/\\\/www.michelecaffin-decryptagedentaire.com\\\/it\\\/#\\\/schema\\\/person\\\/e95dde4119073f02ea6d9d823d6bbcb7\"},\"headline\":\"Conferenza di Mich\u00e8le Caffin al congresso ODENTH &#8211; 18 &#038; 19 maio 2018 &#8211; Bruxelles\",\"datePublished\":\"2017-11-06T18:26:46+00:00\",\"dateModified\":\"2022-12-27T13:21:39+00:00\",\"mainEntityOfPage\":{\"@id\":\"https:\\\/\\\/www.michelecaffin-decryptagedentaire.com\\\/it\\\/conferenza-di-michele-caffin-al-congresso-odenth-18-19-maio-2018-bruxelles\\\/\"},\"wordCount\":532,\"commentCount\":0,\"image\":{\"@id\":\"https:\\\/\\\/www.michelecaffin-decryptagedentaire.com\\\/it\\\/conferenza-di-michele-caffin-al-congresso-odenth-18-19-maio-2018-bruxelles\\\/#primaryimage\"},\"thumbnailUrl\":\"https:\\\/\\\/www.michelecaffin-decryptagedentaire.com\\\/wp-content\\\/uploads\\\/2017\\\/11\\\/Odenth-congres-2018.jpg\",\"keywords\":[\"conferenza\",\"cure dentali olistiche\",\"decodifica dentaria\",\"dentisterie\",\"odorato\",\"oli essenziali\",\"tecnica dentale\"],\"articleSection\":[\"I miei laboratori\"],\"inLanguage\":\"it-IT\",\"potentialAction\":[{\"@type\":\"CommentAction\",\"name\":\"Comment\",\"target\":[\"https:\\\/\\\/www.michelecaffin-decryptagedentaire.com\\\/it\\\/conferenza-di-michele-caffin-al-congresso-odenth-18-19-maio-2018-bruxelles\\\/#respond\"]}]},{\"@type\":\"WebPage\",\"@id\":\"https:\\\/\\\/www.michelecaffin-decryptagedentaire.com\\\/it\\\/conferenza-di-michele-caffin-al-congresso-odenth-18-19-maio-2018-bruxelles\\\/\",\"url\":\"https:\\\/\\\/www.michelecaffin-decryptagedentaire.com\\\/it\\\/conferenza-di-michele-caffin-al-congresso-odenth-18-19-maio-2018-bruxelles\\\/\",\"name\":\"Conferenza di Mich\u00e8le Caffin al congresso ODENTH - 18 & 19 maio 2018 - Bruxelles - Mich\u00e8le Caffin - D\u00e9cryptage dentaire\",\"isPartOf\":{\"@id\":\"https:\\\/\\\/www.michelecaffin-decryptagedentaire.com\\\/it\\\/#website\"},\"primaryImageOfPage\":{\"@id\":\"https:\\\/\\\/www.michelecaffin-decryptagedentaire.com\\\/it\\\/conferenza-di-michele-caffin-al-congresso-odenth-18-19-maio-2018-bruxelles\\\/#primaryimage\"},\"image\":{\"@id\":\"https:\\\/\\\/www.michelecaffin-decryptagedentaire.com\\\/it\\\/conferenza-di-michele-caffin-al-congresso-odenth-18-19-maio-2018-bruxelles\\\/#primaryimage\"},\"thumbnailUrl\":\"https:\\\/\\\/www.michelecaffin-decryptagedentaire.com\\\/wp-content\\\/uploads\\\/2017\\\/11\\\/Odenth-congres-2018.jpg\",\"datePublished\":\"2017-11-06T18:26:46+00:00\",\"dateModified\":\"2022-12-27T13:21:39+00:00\",\"author\":{\"@id\":\"https:\\\/\\\/www.michelecaffin-decryptagedentaire.com\\\/it\\\/#\\\/schema\\\/person\\\/e95dde4119073f02ea6d9d823d6bbcb7\"},\"breadcrumb\":{\"@id\":\"https:\\\/\\\/www.michelecaffin-decryptagedentaire.com\\\/it\\\/conferenza-di-michele-caffin-al-congresso-odenth-18-19-maio-2018-bruxelles\\\/#breadcrumb\"},\"inLanguage\":\"it-IT\",\"potentialAction\":[{\"@type\":\"ReadAction\",\"target\":[\"https:\\\/\\\/www.michelecaffin-decryptagedentaire.com\\\/it\\\/conferenza-di-michele-caffin-al-congresso-odenth-18-19-maio-2018-bruxelles\\\/\"]}]},{\"@type\":\"ImageObject\",\"inLanguage\":\"it-IT\",\"@id\":\"https:\\\/\\\/www.michelecaffin-decryptagedentaire.com\\\/it\\\/conferenza-di-michele-caffin-al-congresso-odenth-18-19-maio-2018-bruxelles\\\/#primaryimage\",\"url\":\"https:\\\/\\\/www.michelecaffin-decryptagedentaire.com\\\/wp-content\\\/uploads\\\/2017\\\/11\\\/Odenth-congres-2018.jpg\",\"contentUrl\":\"https:\\\/\\\/www.michelecaffin-decryptagedentaire.com\\\/wp-content\\\/uploads\\\/2017\\\/11\\\/Odenth-congres-2018.jpg\",\"width\":937,\"height\":451,\"caption\":\"Congr\u00e8s Odenth et coinf\u00e9rence de Mich\u00e8le Caffi\"},{\"@type\":\"BreadcrumbList\",\"@id\":\"https:\\\/\\\/www.michelecaffin-decryptagedentaire.com\\\/it\\\/conferenza-di-michele-caffin-al-congresso-odenth-18-19-maio-2018-bruxelles\\\/#breadcrumb\",\"itemListElement\":[{\"@type\":\"ListItem\",\"position\":1,\"name\":\"Accueil\",\"item\":\"https:\\\/\\\/www.michelecaffin-decryptagedentaire.com\\\/it\\\/\"},{\"@type\":\"ListItem\",\"position\":2,\"name\":\"Conferenza di Mich\u00e8le Caffin al congresso ODENTH &#8211; 18 &#038; 19 maio 2018 &#8211; Bruxelles\"}]},{\"@type\":\"WebSite\",\"@id\":\"https:\\\/\\\/www.michelecaffin-decryptagedentaire.com\\\/it\\\/#website\",\"url\":\"https:\\\/\\\/www.michelecaffin-decryptagedentaire.com\\\/it\\\/\",\"name\":\"Mich\u00e8le Caffin - D\u00e9cryptage dentaire\",\"description\":\"\",\"potentialAction\":[{\"@type\":\"SearchAction\",\"target\":{\"@type\":\"EntryPoint\",\"urlTemplate\":\"https:\\\/\\\/www.michelecaffin-decryptagedentaire.com\\\/it\\\/?s={search_term_string}\"},\"query-input\":{\"@type\":\"PropertyValueSpecification\",\"valueRequired\":true,\"valueName\":\"search_term_string\"}}],\"inLanguage\":\"it-IT\"},{\"@type\":\"Person\",\"@id\":\"https:\\\/\\\/www.michelecaffin-decryptagedentaire.com\\\/it\\\/#\\\/schema\\\/person\\\/e95dde4119073f02ea6d9d823d6bbcb7\",\"name\":\"admin-mcud\",\"image\":{\"@type\":\"ImageObject\",\"inLanguage\":\"it-IT\",\"@id\":\"https:\\\/\\\/secure.gravatar.com\\\/avatar\\\/f57470e686a7424060cea8cbdc84068c9f70ee2107b80167760225a683fc86e0?s=96&d=mm&r=g\",\"url\":\"https:\\\/\\\/secure.gravatar.com\\\/avatar\\\/f57470e686a7424060cea8cbdc84068c9f70ee2107b80167760225a683fc86e0?s=96&d=mm&r=g\",\"contentUrl\":\"https:\\\/\\\/secure.gravatar.com\\\/avatar\\\/f57470e686a7424060cea8cbdc84068c9f70ee2107b80167760225a683fc86e0?s=96&d=mm&r=g\",\"caption\":\"admin-mcud\"},\"url\":\"https:\\\/\\\/www.michelecaffin-decryptagedentaire.com\\\/it\\\/author\\\/admin-mcud\\\/\"}]}<\/script>\n<!-- \/ Yoast SEO plugin. -->","yoast_head_json":{"title":"Conferenza di Mich\u00e8le Caffin al congresso ODENTH - 18 & 19 maio 2018 - Bruxelles - Mich\u00e8le Caffin - D\u00e9cryptage dentaire","robots":{"index":"index","follow":"follow","max-snippet":"max-snippet:-1","max-image-preview":"max-image-preview:large","max-video-preview":"max-video-preview:-1"},"canonical":"https:\/\/www.michelecaffin-decryptagedentaire.com\/it\/conferenza-di-michele-caffin-al-congresso-odenth-18-19-maio-2018-bruxelles\/","og_locale":"it_IT","og_type":"article","og_title":"Conferenza di Mich\u00e8le Caffin al congresso ODENTH - 18 & 19 maio 2018 - Bruxelles - Mich\u00e8le Caffin - D\u00e9cryptage dentaire","og_description":"19\u00b0 congresso Odent 2018 &#8211; Bruxelles Dal venerd\u00ec 18 al sabato 19 maggio 2018 &#8211; Hotel Le Plaza Tema del Congresso: &#8220;Odontoiatria energetica: alternative naturali agli antibiotici&#8221; &gt;\u00a0Registro per il congresso (in francese) Il programma scientifico del 2018 &#8212; Venerd\u00ec 18 maggio 2018 &#8212; Inizio delle lezioni: 9h I microbi sono entrati in resistenza. La...","og_url":"https:\/\/www.michelecaffin-decryptagedentaire.com\/it\/conferenza-di-michele-caffin-al-congresso-odenth-18-19-maio-2018-bruxelles\/","og_site_name":"Mich\u00e8le Caffin - D\u00e9cryptage dentaire","article_published_time":"2017-11-06T18:26:46+00:00","article_modified_time":"2022-12-27T13:21:39+00:00","og_image":[{"width":937,"height":451,"url":"https:\/\/www.michelecaffin-decryptagedentaire.com\/wp-content\/uploads\/2017\/11\/Odenth-congres-2018.jpg","type":"image\/jpeg"}],"author":"admin-mcud","twitter_card":"summary_large_image","twitter_misc":{"Scritto da":"admin-mcud","Tempo di lettura stimato":"3 minuti"},"schema":{"@context":"https:\/\/schema.org","@graph":[{"@type":"Article","@id":"https:\/\/www.michelecaffin-decryptagedentaire.com\/it\/conferenza-di-michele-caffin-al-congresso-odenth-18-19-maio-2018-bruxelles\/#article","isPartOf":{"@id":"https:\/\/www.michelecaffin-decryptagedentaire.com\/it\/conferenza-di-michele-caffin-al-congresso-odenth-18-19-maio-2018-bruxelles\/"},"author":{"name":"admin-mcud","@id":"https:\/\/www.michelecaffin-decryptagedentaire.com\/it\/#\/schema\/person\/e95dde4119073f02ea6d9d823d6bbcb7"},"headline":"Conferenza di Mich\u00e8le Caffin al congresso ODENTH &#8211; 18 &#038; 19 maio 2018 &#8211; Bruxelles","datePublished":"2017-11-06T18:26:46+00:00","dateModified":"2022-12-27T13:21:39+00:00","mainEntityOfPage":{"@id":"https:\/\/www.michelecaffin-decryptagedentaire.com\/it\/conferenza-di-michele-caffin-al-congresso-odenth-18-19-maio-2018-bruxelles\/"},"wordCount":532,"commentCount":0,"image":{"@id":"https:\/\/www.michelecaffin-decryptagedentaire.com\/it\/conferenza-di-michele-caffin-al-congresso-odenth-18-19-maio-2018-bruxelles\/#primaryimage"},"thumbnailUrl":"https:\/\/www.michelecaffin-decryptagedentaire.com\/wp-content\/uploads\/2017\/11\/Odenth-congres-2018.jpg","keywords":["conferenza","cure dentali olistiche","decodifica dentaria","dentisterie","odorato","oli essenziali","tecnica dentale"],"articleSection":["I miei laboratori"],"inLanguage":"it-IT","potentialAction":[{"@type":"CommentAction","name":"Comment","target":["https:\/\/www.michelecaffin-decryptagedentaire.com\/it\/conferenza-di-michele-caffin-al-congresso-odenth-18-19-maio-2018-bruxelles\/#respond"]}]},{"@type":"WebPage","@id":"https:\/\/www.michelecaffin-decryptagedentaire.com\/it\/conferenza-di-michele-caffin-al-congresso-odenth-18-19-maio-2018-bruxelles\/","url":"https:\/\/www.michelecaffin-decryptagedentaire.com\/it\/conferenza-di-michele-caffin-al-congresso-odenth-18-19-maio-2018-bruxelles\/","name":"Conferenza di Mich\u00e8le Caffin al congresso ODENTH - 18 & 19 maio 2018 - Bruxelles - Mich\u00e8le Caffin - D\u00e9cryptage dentaire","isPartOf":{"@id":"https:\/\/www.michelecaffin-decryptagedentaire.com\/it\/#website"},"primaryImageOfPage":{"@id":"https:\/\/www.michelecaffin-decryptagedentaire.com\/it\/conferenza-di-michele-caffin-al-congresso-odenth-18-19-maio-2018-bruxelles\/#primaryimage"},"image":{"@id":"https:\/\/www.michelecaffin-decryptagedentaire.com\/it\/conferenza-di-michele-caffin-al-congresso-odenth-18-19-maio-2018-bruxelles\/#primaryimage"},"thumbnailUrl":"https:\/\/www.michelecaffin-decryptagedentaire.com\/wp-content\/uploads\/2017\/11\/Odenth-congres-2018.jpg","datePublished":"2017-11-06T18:26:46+00:00","dateModified":"2022-12-27T13:21:39+00:00","author":{"@id":"https:\/\/www.michelecaffin-decryptagedentaire.com\/it\/#\/schema\/person\/e95dde4119073f02ea6d9d823d6bbcb7"},"breadcrumb":{"@id":"https:\/\/www.michelecaffin-decryptagedentaire.com\/it\/conferenza-di-michele-caffin-al-congresso-odenth-18-19-maio-2018-bruxelles\/#breadcrumb"},"inLanguage":"it-IT","potentialAction":[{"@type":"ReadAction","target":["https:\/\/www.michelecaffin-decryptagedentaire.com\/it\/conferenza-di-michele-caffin-al-congresso-odenth-18-19-maio-2018-bruxelles\/"]}]},{"@type":"ImageObject","inLanguage":"it-IT","@id":"https:\/\/www.michelecaffin-decryptagedentaire.com\/it\/conferenza-di-michele-caffin-al-congresso-odenth-18-19-maio-2018-bruxelles\/#primaryimage","url":"https:\/\/www.michelecaffin-decryptagedentaire.com\/wp-content\/uploads\/2017\/11\/Odenth-congres-2018.jpg","contentUrl":"https:\/\/www.michelecaffin-decryptagedentaire.com\/wp-content\/uploads\/2017\/11\/Odenth-congres-2018.jpg","width":937,"height":451,"caption":"Congr\u00e8s Odenth et coinf\u00e9rence de Mich\u00e8le Caffi"},{"@type":"BreadcrumbList","@id":"https:\/\/www.michelecaffin-decryptagedentaire.com\/it\/conferenza-di-michele-caffin-al-congresso-odenth-18-19-maio-2018-bruxelles\/#breadcrumb","itemListElement":[{"@type":"ListItem","position":1,"name":"Accueil","item":"https:\/\/www.michelecaffin-decryptagedentaire.com\/it\/"},{"@type":"ListItem","position":2,"name":"Conferenza di Mich\u00e8le Caffin al congresso ODENTH &#8211; 18 &#038; 19 maio 2018 &#8211; Bruxelles"}]},{"@type":"WebSite","@id":"https:\/\/www.michelecaffin-decryptagedentaire.com\/it\/#website","url":"https:\/\/www.michelecaffin-decryptagedentaire.com\/it\/","name":"Mich\u00e8le Caffin - D\u00e9cryptage dentaire","description":"","potentialAction":[{"@type":"SearchAction","target":{"@type":"EntryPoint","urlTemplate":"https:\/\/www.michelecaffin-decryptagedentaire.com\/it\/?s={search_term_string}"},"query-input":{"@type":"PropertyValueSpecification","valueRequired":true,"valueName":"search_term_string"}}],"inLanguage":"it-IT"},{"@type":"Person","@id":"https:\/\/www.michelecaffin-decryptagedentaire.com\/it\/#\/schema\/person\/e95dde4119073f02ea6d9d823d6bbcb7","name":"admin-mcud","image":{"@type":"ImageObject","inLanguage":"it-IT","@id":"https:\/\/secure.gravatar.com\/avatar\/f57470e686a7424060cea8cbdc84068c9f70ee2107b80167760225a683fc86e0?s=96&d=mm&r=g","url":"https:\/\/secure.gravatar.com\/avatar\/f57470e686a7424060cea8cbdc84068c9f70ee2107b80167760225a683fc86e0?s=96&d=mm&r=g","contentUrl":"https:\/\/secure.gravatar.com\/avatar\/f57470e686a7424060cea8cbdc84068c9f70ee2107b80167760225a683fc86e0?s=96&d=mm&r=g","caption":"admin-mcud"},"url":"https:\/\/www.michelecaffin-decryptagedentaire.com\/it\/author\/admin-mcud\/"}]}},"_links":{"self":[{"href":"https:\/\/www.michelecaffin-decryptagedentaire.com\/it\/wp-json\/wp\/v2\/posts\/10102","targetHints":{"allow":["GET"]}}],"collection":[{"href":"https:\/\/www.michelecaffin-decryptagedentaire.com\/it\/wp-json\/wp\/v2\/posts"}],"about":[{"href":"https:\/\/www.michelecaffin-decryptagedentaire.com\/it\/wp-json\/wp\/v2\/types\/post"}],"author":[{"embeddable":true,"href":"https:\/\/www.michelecaffin-decryptagedentaire.com\/it\/wp-json\/wp\/v2\/users\/1"}],"replies":[{"embeddable":true,"href":"https:\/\/www.michelecaffin-decryptagedentaire.com\/it\/wp-json\/wp\/v2\/comments?post=10102"}],"version-history":[{"count":5,"href":"https:\/\/www.michelecaffin-decryptagedentaire.com\/it\/wp-json\/wp\/v2\/posts\/10102\/revisions"}],"predecessor-version":[{"id":14304,"href":"https:\/\/www.michelecaffin-decryptagedentaire.com\/it\/wp-json\/wp\/v2\/posts\/10102\/revisions\/14304"}],"wp:featuredmedia":[{"embeddable":true,"href":"https:\/\/www.michelecaffin-decryptagedentaire.com\/it\/wp-json\/wp\/v2\/media\/10091"}],"wp:attachment":[{"href":"https:\/\/www.michelecaffin-decryptagedentaire.com\/it\/wp-json\/wp\/v2\/media?parent=10102"}],"wp:term":[{"taxonomy":"category","embeddable":true,"href":"https:\/\/www.michelecaffin-decryptagedentaire.com\/it\/wp-json\/wp\/v2\/categories?post=10102"},{"taxonomy":"post_tag","embeddable":true,"href":"https:\/\/www.michelecaffin-decryptagedentaire.com\/it\/wp-json\/wp\/v2\/tags?post=10102"}],"curies":[{"name":"wp","href":"https:\/\/api.w.org\/{rel}","templated":true}]}}