{"id":9708,"date":"2017-04-26T15:21:41","date_gmt":"2017-04-26T13:21:41","guid":{"rendered":"http:\/\/www.michelecaffin-decryptagedentaire.com\/presentazione-del-libro-quello-che-i-denti-raccontano-di-te-25-marzo-2017-milano\/"},"modified":"2021-03-15T19:12:10","modified_gmt":"2021-03-15T18:12:10","slug":"presentazione-del-libro-quello-che-i-denti-raccontano-di-te-25-marzo-2017-milano","status":"publish","type":"post","link":"https:\/\/www.michelecaffin-decryptagedentaire.com\/it\/presentazione-del-libro-quello-che-i-denti-raccontano-di-te-25-marzo-2017-milano\/","title":{"rendered":"Presentazione del libro \u201cQuello che i denti raccontano di te\u201d &#8211; 25 marzo 2017 &#8211; Milano"},"content":{"rendered":"<div class=\"push\" style='height:30px'><\/div>\n<h2><strong>Presentazione del libro \u201cQuello che i denti raccontano di te\u201d di Mich\u00e8le CAFFIN<\/strong><\/h2>\n<h3><strong>SABATO 25 MARZO 2017 a <\/strong><strong>Milano <\/strong><\/h3>\n<h3><strong>\u00a0<\/strong><\/h3>\n<hr \/>\n<p><strong>LA BELLEZZA IN UN SORRISO.\u00a0 SALUTE E CURA IN ODONTOIATRIA.<\/strong><\/p>\n<p><strong>\u201cE il poeta disse: Parlaci della Bellezza. E lui rispose: Dove cercherete e come scoprirete la bellezza, se essa stessa non vi \u00e8 di sentiero e di guida? E come potrete parlarne, se non \u00e8 la tessitrice del vostro discorso? La bellezza \u00e8 la vita, quando la vita disvela il suo volto sacro. Ma voi siete la vita e siete il velo. La bellezza \u00e8 l\u2019eternit\u00e0 che si contempla in uno specchio. Ma voi siete l\u2019eternit\u00e0 e siete lo specchio.\u201d<\/strong><\/p>\n<h6><strong>Kahlil Gibran<\/strong><\/h6>\n<hr \/>\n<p><strong>Data:<\/strong> sabato 25 marzo 2017<\/p>\n<p><strong>Orario:<\/strong>\u00a0dalle ore 14:30 alle ore 18:30, registrazione ore 14:00<\/p>\n<p><strong>Location:<\/strong> Hilton Garden Inn Milan North,\u00a0Via Lucio Giunio Columella, 36, Milano\u00a0(M1 fermata VILLA S.G)<\/p>\n<h3>Ospite speciale la Dott.ssa Mich\u00e8le Caffin, che sar\u00e0 in Italia per promuovere il suo ultimo libro\u00a0\u201cQuello che i denti raccontano di te\u201d, pubblicato dalla casa editrice Amrita.<\/h3>\n<p><iframe loading=\"lazy\" src=\"http:\/\/www.youtube.com\/embed\/61laTxqUd0I\" width=\"281\" height=\"229\"><\/iframe><\/p>\n<h3><strong>Introduzione:<\/strong><\/h3>\n<p><strong>Rossella de Focatiis, <\/strong>Presidente Sapere Academy e ideatrice di Sapere. Il Sapore del Sapere<\/p>\n<p><strong>Gli illustri relatori che parteciperanno al Convegno:<\/strong><\/p>\n<p><strong><a href=\"https:\/\/www.macrolibrarsi.it\/libri\/__quello_che_i_denti_raccontano_di_te.php\"><\/a>Mich\u00e8le Caffin<\/strong> \u2013\u00a0Presentazione del libro \u201cQuello che i denti raccontano di te\u201d<\/p>\n<p><strong>Massimo Marini<\/strong> \u2013\u00a0Igiene e prevenzione in Odontoiatria<\/p>\n<p><strong>Francesco Amodio<\/strong> \u2013 La Mancanza degli elementi dentari: Problemi e soluzioni<\/p>\n<p><strong>Chiara Maccagni<\/strong> \u2013\u00a0L\u2019importanza dell\u2019alimentazione nella salute del cavo orale<\/p>\n<h3><\/h3>\n<h3><\/h3>\n<hr \/>\n<h3><strong><b>Organizzazione:<i> <\/i><\/b><\/strong><\/h3>\n<p><strong>CONVEGNO 25 MARZO 2017 &#8211; LA BELLEZZA IN UN SORRISO. Salute e cura in odontoiatria<\/strong><\/p>\n<p>&gt; <\/p>\n<a href=\"http:\/\/www.saporedelsapere.it\/iscrizione-25-marzo-2017\/\" target=\"_self\" style='font-size: 15px;' class=\"button vamtam-button accent1  button-filled-small hover-accent1 \"><span class=\"btext\">Pr\u00e9r\u00e9servez votre conf\u00e9rence<\/span><\/a>\n","protected":false},"excerpt":{"rendered":"<p>Presentazione del libro \u201cQuello che i denti raccontano di te\u201d di Mich\u00e8le CAFFIN SABATO 25 MARZO 2017 a Milano \u00a0 LA BELLEZZA IN UN SORRISO.\u00a0 SALUTE E CURA IN ODONTOIATRIA. \u201cE il poeta disse: Parlaci della Bellezza. E lui rispose: Dove cercherete e come scoprirete la bellezza, se essa stessa non vi \u00e8 di sentiero&#8230;<\/p>\n","protected":false},"author":1,"featured_media":9709,"comment_status":"closed","ping_status":"open","sticky":false,"template":"","format":"standard","meta":{"footnotes":""},"categories":[143],"tags":[151,138,137,152,145],"class_list":["post-9708","post","type-post","status-publish","format-standard","has-post-thumbnail","hentry","category-i-miei-laboratori","tag-conoscenza-delluomo","tag-cura-dentaria-olistica","tag-cura-olistica-dentaria","tag-dente","tag-tecnica-dentale"],"yoast_head":"<!-- This site is optimized with the Yoast SEO plugin v27.3 - https:\/\/yoast.com\/product\/yoast-seo-wordpress\/ -->\n<title>Presentazione del libro \u201cQuello che i denti raccontano di te\u201d - 25 marzo 2017 - Milano - Mich\u00e8le Caffin - D\u00e9cryptage dentaire<\/title>\n<meta name=\"description\" content=\"Presentazione del libro \u201cQuello che i denti raccontano di te\u201d per Mich\u00e8le CAFFIN sabato 25 MARZO 2017 a Milano\" \/>\n<meta name=\"robots\" content=\"index, follow, max-snippet:-1, max-image-preview:large, max-video-preview:-1\" \/>\n<link rel=\"canonical\" href=\"https:\/\/www.michelecaffin-decryptagedentaire.com\/it\/presentazione-del-libro-quello-che-i-denti-raccontano-di-te-25-marzo-2017-milano\/\" \/>\n<meta property=\"og:locale\" content=\"it_IT\" \/>\n<meta property=\"og:type\" content=\"article\" \/>\n<meta property=\"og:title\" content=\"Presentazione del libro \u201cQuello che i denti raccontano di te\u201d - 25 marzo 2017 - Milano - Mich\u00e8le Caffin - D\u00e9cryptage dentaire\" \/>\n<meta property=\"og:description\" content=\"Presentazione del libro \u201cQuello che i denti raccontano di te\u201d per Mich\u00e8le CAFFIN sabato 25 MARZO 2017 a Milano\" \/>\n<meta property=\"og:url\" content=\"https:\/\/www.michelecaffin-decryptagedentaire.com\/it\/presentazione-del-libro-quello-che-i-denti-raccontano-di-te-25-marzo-2017-milano\/\" \/>\n<meta property=\"og:site_name\" content=\"Mich\u00e8le Caffin - D\u00e9cryptage dentaire\" \/>\n<meta property=\"article:published_time\" content=\"2017-04-26T13:21:41+00:00\" \/>\n<meta property=\"article:modified_time\" content=\"2021-03-15T18:12:10+00:00\" \/>\n<meta property=\"og:image\" content=\"https:\/\/www.michelecaffin-decryptagedentaire.com\/wp-content\/uploads\/2017\/04\/photo-conf-milano-it.jpg\" \/>\n\t<meta property=\"og:image:width\" content=\"820\" \/>\n\t<meta property=\"og:image:height\" content=\"483\" \/>\n\t<meta property=\"og:image:type\" content=\"image\/jpeg\" \/>\n<meta name=\"author\" content=\"admin-mcud\" \/>\n<meta name=\"twitter:card\" content=\"summary_large_image\" \/>\n<meta name=\"twitter:label1\" content=\"Scritto da\" \/>\n\t<meta name=\"twitter:data1\" content=\"admin-mcud\" \/>\n\t<meta name=\"twitter:label2\" content=\"Tempo di lettura stimato\" \/>\n\t<meta name=\"twitter:data2\" content=\"1 minuto\" \/>\n<script type=\"application\/ld+json\" class=\"yoast-schema-graph\">{\"@context\":\"https:\\\/\\\/schema.org\",\"@graph\":[{\"@type\":\"Article\",\"@id\":\"https:\\\/\\\/www.michelecaffin-decryptagedentaire.com\\\/it\\\/presentazione-del-libro-quello-che-i-denti-raccontano-di-te-25-marzo-2017-milano\\\/#article\",\"isPartOf\":{\"@id\":\"https:\\\/\\\/www.michelecaffin-decryptagedentaire.com\\\/it\\\/presentazione-del-libro-quello-che-i-denti-raccontano-di-te-25-marzo-2017-milano\\\/\"},\"author\":{\"name\":\"admin-mcud\",\"@id\":\"https:\\\/\\\/www.michelecaffin-decryptagedentaire.com\\\/it\\\/#\\\/schema\\\/person\\\/e95dde4119073f02ea6d9d823d6bbcb7\"},\"headline\":\"Presentazione del libro \u201cQuello che i denti raccontano di te\u201d &#8211; 25 marzo 2017 &#8211; Milano\",\"datePublished\":\"2017-04-26T13:21:41+00:00\",\"dateModified\":\"2021-03-15T18:12:10+00:00\",\"mainEntityOfPage\":{\"@id\":\"https:\\\/\\\/www.michelecaffin-decryptagedentaire.com\\\/it\\\/presentazione-del-libro-quello-che-i-denti-raccontano-di-te-25-marzo-2017-milano\\\/\"},\"wordCount\":293,\"image\":{\"@id\":\"https:\\\/\\\/www.michelecaffin-decryptagedentaire.com\\\/it\\\/presentazione-del-libro-quello-che-i-denti-raccontano-di-te-25-marzo-2017-milano\\\/#primaryimage\"},\"thumbnailUrl\":\"https:\\\/\\\/www.michelecaffin-decryptagedentaire.com\\\/wp-content\\\/uploads\\\/2017\\\/04\\\/photo-conf-milano-it.jpg\",\"keywords\":[\"conoscenza dell'uomo\",\"cure dentali olistiche\",\"cure olistiche dentali\",\"dente\",\"tecnica dentale\"],\"articleSection\":[\"I miei laboratori\"],\"inLanguage\":\"it-IT\"},{\"@type\":\"WebPage\",\"@id\":\"https:\\\/\\\/www.michelecaffin-decryptagedentaire.com\\\/it\\\/presentazione-del-libro-quello-che-i-denti-raccontano-di-te-25-marzo-2017-milano\\\/\",\"url\":\"https:\\\/\\\/www.michelecaffin-decryptagedentaire.com\\\/it\\\/presentazione-del-libro-quello-che-i-denti-raccontano-di-te-25-marzo-2017-milano\\\/\",\"name\":\"Presentazione del libro \u201cQuello che i denti raccontano di te\u201d - 25 marzo 2017 - Milano - Mich\u00e8le Caffin - D\u00e9cryptage dentaire\",\"isPartOf\":{\"@id\":\"https:\\\/\\\/www.michelecaffin-decryptagedentaire.com\\\/it\\\/#website\"},\"primaryImageOfPage\":{\"@id\":\"https:\\\/\\\/www.michelecaffin-decryptagedentaire.com\\\/it\\\/presentazione-del-libro-quello-che-i-denti-raccontano-di-te-25-marzo-2017-milano\\\/#primaryimage\"},\"image\":{\"@id\":\"https:\\\/\\\/www.michelecaffin-decryptagedentaire.com\\\/it\\\/presentazione-del-libro-quello-che-i-denti-raccontano-di-te-25-marzo-2017-milano\\\/#primaryimage\"},\"thumbnailUrl\":\"https:\\\/\\\/www.michelecaffin-decryptagedentaire.com\\\/wp-content\\\/uploads\\\/2017\\\/04\\\/photo-conf-milano-it.jpg\",\"datePublished\":\"2017-04-26T13:21:41+00:00\",\"dateModified\":\"2021-03-15T18:12:10+00:00\",\"author\":{\"@id\":\"https:\\\/\\\/www.michelecaffin-decryptagedentaire.com\\\/it\\\/#\\\/schema\\\/person\\\/e95dde4119073f02ea6d9d823d6bbcb7\"},\"description\":\"Presentazione del libro \u201cQuello che i denti raccontano di te\u201d per Mich\u00e8le CAFFIN sabato 25 MARZO 2017 a Milano\",\"breadcrumb\":{\"@id\":\"https:\\\/\\\/www.michelecaffin-decryptagedentaire.com\\\/it\\\/presentazione-del-libro-quello-che-i-denti-raccontano-di-te-25-marzo-2017-milano\\\/#breadcrumb\"},\"inLanguage\":\"it-IT\",\"potentialAction\":[{\"@type\":\"ReadAction\",\"target\":[\"https:\\\/\\\/www.michelecaffin-decryptagedentaire.com\\\/it\\\/presentazione-del-libro-quello-che-i-denti-raccontano-di-te-25-marzo-2017-milano\\\/\"]}]},{\"@type\":\"ImageObject\",\"inLanguage\":\"it-IT\",\"@id\":\"https:\\\/\\\/www.michelecaffin-decryptagedentaire.com\\\/it\\\/presentazione-del-libro-quello-che-i-denti-raccontano-di-te-25-marzo-2017-milano\\\/#primaryimage\",\"url\":\"https:\\\/\\\/www.michelecaffin-decryptagedentaire.com\\\/wp-content\\\/uploads\\\/2017\\\/04\\\/photo-conf-milano-it.jpg\",\"contentUrl\":\"https:\\\/\\\/www.michelecaffin-decryptagedentaire.com\\\/wp-content\\\/uploads\\\/2017\\\/04\\\/photo-conf-milano-it.jpg\",\"width\":820,\"height\":483,\"caption\":\"Conferenza da Mich\u00e8le Caffin sulla cura dei denti olistica e la decrittografia dei denti - milano 2017\"},{\"@type\":\"BreadcrumbList\",\"@id\":\"https:\\\/\\\/www.michelecaffin-decryptagedentaire.com\\\/it\\\/presentazione-del-libro-quello-che-i-denti-raccontano-di-te-25-marzo-2017-milano\\\/#breadcrumb\",\"itemListElement\":[{\"@type\":\"ListItem\",\"position\":1,\"name\":\"Accueil\",\"item\":\"https:\\\/\\\/www.michelecaffin-decryptagedentaire.com\\\/it\\\/\"},{\"@type\":\"ListItem\",\"position\":2,\"name\":\"Presentazione del libro \u201cQuello che i denti raccontano di te\u201d &#8211; 25 marzo 2017 &#8211; Milano\"}]},{\"@type\":\"WebSite\",\"@id\":\"https:\\\/\\\/www.michelecaffin-decryptagedentaire.com\\\/it\\\/#website\",\"url\":\"https:\\\/\\\/www.michelecaffin-decryptagedentaire.com\\\/it\\\/\",\"name\":\"Mich\u00e8le Caffin - D\u00e9cryptage dentaire\",\"description\":\"\",\"potentialAction\":[{\"@type\":\"SearchAction\",\"target\":{\"@type\":\"EntryPoint\",\"urlTemplate\":\"https:\\\/\\\/www.michelecaffin-decryptagedentaire.com\\\/it\\\/?s={search_term_string}\"},\"query-input\":{\"@type\":\"PropertyValueSpecification\",\"valueRequired\":true,\"valueName\":\"search_term_string\"}}],\"inLanguage\":\"it-IT\"},{\"@type\":\"Person\",\"@id\":\"https:\\\/\\\/www.michelecaffin-decryptagedentaire.com\\\/it\\\/#\\\/schema\\\/person\\\/e95dde4119073f02ea6d9d823d6bbcb7\",\"name\":\"admin-mcud\",\"image\":{\"@type\":\"ImageObject\",\"inLanguage\":\"it-IT\",\"@id\":\"https:\\\/\\\/secure.gravatar.com\\\/avatar\\\/f57470e686a7424060cea8cbdc84068c9f70ee2107b80167760225a683fc86e0?s=96&d=mm&r=g\",\"url\":\"https:\\\/\\\/secure.gravatar.com\\\/avatar\\\/f57470e686a7424060cea8cbdc84068c9f70ee2107b80167760225a683fc86e0?s=96&d=mm&r=g\",\"contentUrl\":\"https:\\\/\\\/secure.gravatar.com\\\/avatar\\\/f57470e686a7424060cea8cbdc84068c9f70ee2107b80167760225a683fc86e0?s=96&d=mm&r=g\",\"caption\":\"admin-mcud\"},\"url\":\"https:\\\/\\\/www.michelecaffin-decryptagedentaire.com\\\/it\\\/author\\\/admin-mcud\\\/\"}]}<\/script>\n<!-- \/ Yoast SEO plugin. -->","yoast_head_json":{"title":"Presentazione del libro \u201cQuello che i denti raccontano di te\u201d - 25 marzo 2017 - Milano - Mich\u00e8le Caffin - D\u00e9cryptage dentaire","description":"Presentazione del libro \u201cQuello che i denti raccontano di te\u201d per Mich\u00e8le CAFFIN sabato 25 MARZO 2017 a Milano","robots":{"index":"index","follow":"follow","max-snippet":"max-snippet:-1","max-image-preview":"max-image-preview:large","max-video-preview":"max-video-preview:-1"},"canonical":"https:\/\/www.michelecaffin-decryptagedentaire.com\/it\/presentazione-del-libro-quello-che-i-denti-raccontano-di-te-25-marzo-2017-milano\/","og_locale":"it_IT","og_type":"article","og_title":"Presentazione del libro \u201cQuello che i denti raccontano di te\u201d - 25 marzo 2017 - Milano - Mich\u00e8le Caffin - D\u00e9cryptage dentaire","og_description":"Presentazione del libro \u201cQuello che i denti raccontano di te\u201d per Mich\u00e8le CAFFIN sabato 25 MARZO 2017 a Milano","og_url":"https:\/\/www.michelecaffin-decryptagedentaire.com\/it\/presentazione-del-libro-quello-che-i-denti-raccontano-di-te-25-marzo-2017-milano\/","og_site_name":"Mich\u00e8le Caffin - D\u00e9cryptage dentaire","article_published_time":"2017-04-26T13:21:41+00:00","article_modified_time":"2021-03-15T18:12:10+00:00","og_image":[{"width":820,"height":483,"url":"https:\/\/www.michelecaffin-decryptagedentaire.com\/wp-content\/uploads\/2017\/04\/photo-conf-milano-it.jpg","type":"image\/jpeg"}],"author":"admin-mcud","twitter_card":"summary_large_image","twitter_misc":{"Scritto da":"admin-mcud","Tempo di lettura stimato":"1 minuto"},"schema":{"@context":"https:\/\/schema.org","@graph":[{"@type":"Article","@id":"https:\/\/www.michelecaffin-decryptagedentaire.com\/it\/presentazione-del-libro-quello-che-i-denti-raccontano-di-te-25-marzo-2017-milano\/#article","isPartOf":{"@id":"https:\/\/www.michelecaffin-decryptagedentaire.com\/it\/presentazione-del-libro-quello-che-i-denti-raccontano-di-te-25-marzo-2017-milano\/"},"author":{"name":"admin-mcud","@id":"https:\/\/www.michelecaffin-decryptagedentaire.com\/it\/#\/schema\/person\/e95dde4119073f02ea6d9d823d6bbcb7"},"headline":"Presentazione del libro \u201cQuello che i denti raccontano di te\u201d &#8211; 25 marzo 2017 &#8211; Milano","datePublished":"2017-04-26T13:21:41+00:00","dateModified":"2021-03-15T18:12:10+00:00","mainEntityOfPage":{"@id":"https:\/\/www.michelecaffin-decryptagedentaire.com\/it\/presentazione-del-libro-quello-che-i-denti-raccontano-di-te-25-marzo-2017-milano\/"},"wordCount":293,"image":{"@id":"https:\/\/www.michelecaffin-decryptagedentaire.com\/it\/presentazione-del-libro-quello-che-i-denti-raccontano-di-te-25-marzo-2017-milano\/#primaryimage"},"thumbnailUrl":"https:\/\/www.michelecaffin-decryptagedentaire.com\/wp-content\/uploads\/2017\/04\/photo-conf-milano-it.jpg","keywords":["conoscenza dell'uomo","cure dentali olistiche","cure olistiche dentali","dente","tecnica dentale"],"articleSection":["I miei laboratori"],"inLanguage":"it-IT"},{"@type":"WebPage","@id":"https:\/\/www.michelecaffin-decryptagedentaire.com\/it\/presentazione-del-libro-quello-che-i-denti-raccontano-di-te-25-marzo-2017-milano\/","url":"https:\/\/www.michelecaffin-decryptagedentaire.com\/it\/presentazione-del-libro-quello-che-i-denti-raccontano-di-te-25-marzo-2017-milano\/","name":"Presentazione del libro \u201cQuello che i denti raccontano di te\u201d - 25 marzo 2017 - Milano - Mich\u00e8le Caffin - D\u00e9cryptage dentaire","isPartOf":{"@id":"https:\/\/www.michelecaffin-decryptagedentaire.com\/it\/#website"},"primaryImageOfPage":{"@id":"https:\/\/www.michelecaffin-decryptagedentaire.com\/it\/presentazione-del-libro-quello-che-i-denti-raccontano-di-te-25-marzo-2017-milano\/#primaryimage"},"image":{"@id":"https:\/\/www.michelecaffin-decryptagedentaire.com\/it\/presentazione-del-libro-quello-che-i-denti-raccontano-di-te-25-marzo-2017-milano\/#primaryimage"},"thumbnailUrl":"https:\/\/www.michelecaffin-decryptagedentaire.com\/wp-content\/uploads\/2017\/04\/photo-conf-milano-it.jpg","datePublished":"2017-04-26T13:21:41+00:00","dateModified":"2021-03-15T18:12:10+00:00","author":{"@id":"https:\/\/www.michelecaffin-decryptagedentaire.com\/it\/#\/schema\/person\/e95dde4119073f02ea6d9d823d6bbcb7"},"description":"Presentazione del libro \u201cQuello che i denti raccontano di te\u201d per Mich\u00e8le CAFFIN sabato 25 MARZO 2017 a Milano","breadcrumb":{"@id":"https:\/\/www.michelecaffin-decryptagedentaire.com\/it\/presentazione-del-libro-quello-che-i-denti-raccontano-di-te-25-marzo-2017-milano\/#breadcrumb"},"inLanguage":"it-IT","potentialAction":[{"@type":"ReadAction","target":["https:\/\/www.michelecaffin-decryptagedentaire.com\/it\/presentazione-del-libro-quello-che-i-denti-raccontano-di-te-25-marzo-2017-milano\/"]}]},{"@type":"ImageObject","inLanguage":"it-IT","@id":"https:\/\/www.michelecaffin-decryptagedentaire.com\/it\/presentazione-del-libro-quello-che-i-denti-raccontano-di-te-25-marzo-2017-milano\/#primaryimage","url":"https:\/\/www.michelecaffin-decryptagedentaire.com\/wp-content\/uploads\/2017\/04\/photo-conf-milano-it.jpg","contentUrl":"https:\/\/www.michelecaffin-decryptagedentaire.com\/wp-content\/uploads\/2017\/04\/photo-conf-milano-it.jpg","width":820,"height":483,"caption":"Conferenza da Mich\u00e8le Caffin sulla cura dei denti olistica e la decrittografia dei denti - milano 2017"},{"@type":"BreadcrumbList","@id":"https:\/\/www.michelecaffin-decryptagedentaire.com\/it\/presentazione-del-libro-quello-che-i-denti-raccontano-di-te-25-marzo-2017-milano\/#breadcrumb","itemListElement":[{"@type":"ListItem","position":1,"name":"Accueil","item":"https:\/\/www.michelecaffin-decryptagedentaire.com\/it\/"},{"@type":"ListItem","position":2,"name":"Presentazione del libro \u201cQuello che i denti raccontano di te\u201d &#8211; 25 marzo 2017 &#8211; Milano"}]},{"@type":"WebSite","@id":"https:\/\/www.michelecaffin-decryptagedentaire.com\/it\/#website","url":"https:\/\/www.michelecaffin-decryptagedentaire.com\/it\/","name":"Mich\u00e8le Caffin - D\u00e9cryptage dentaire","description":"","potentialAction":[{"@type":"SearchAction","target":{"@type":"EntryPoint","urlTemplate":"https:\/\/www.michelecaffin-decryptagedentaire.com\/it\/?s={search_term_string}"},"query-input":{"@type":"PropertyValueSpecification","valueRequired":true,"valueName":"search_term_string"}}],"inLanguage":"it-IT"},{"@type":"Person","@id":"https:\/\/www.michelecaffin-decryptagedentaire.com\/it\/#\/schema\/person\/e95dde4119073f02ea6d9d823d6bbcb7","name":"admin-mcud","image":{"@type":"ImageObject","inLanguage":"it-IT","@id":"https:\/\/secure.gravatar.com\/avatar\/f57470e686a7424060cea8cbdc84068c9f70ee2107b80167760225a683fc86e0?s=96&d=mm&r=g","url":"https:\/\/secure.gravatar.com\/avatar\/f57470e686a7424060cea8cbdc84068c9f70ee2107b80167760225a683fc86e0?s=96&d=mm&r=g","contentUrl":"https:\/\/secure.gravatar.com\/avatar\/f57470e686a7424060cea8cbdc84068c9f70ee2107b80167760225a683fc86e0?s=96&d=mm&r=g","caption":"admin-mcud"},"url":"https:\/\/www.michelecaffin-decryptagedentaire.com\/it\/author\/admin-mcud\/"}]}},"_links":{"self":[{"href":"https:\/\/www.michelecaffin-decryptagedentaire.com\/it\/wp-json\/wp\/v2\/posts\/9708","targetHints":{"allow":["GET"]}}],"collection":[{"href":"https:\/\/www.michelecaffin-decryptagedentaire.com\/it\/wp-json\/wp\/v2\/posts"}],"about":[{"href":"https:\/\/www.michelecaffin-decryptagedentaire.com\/it\/wp-json\/wp\/v2\/types\/post"}],"author":[{"embeddable":true,"href":"https:\/\/www.michelecaffin-decryptagedentaire.com\/it\/wp-json\/wp\/v2\/users\/1"}],"replies":[{"embeddable":true,"href":"https:\/\/www.michelecaffin-decryptagedentaire.com\/it\/wp-json\/wp\/v2\/comments?post=9708"}],"version-history":[{"count":4,"href":"https:\/\/www.michelecaffin-decryptagedentaire.com\/it\/wp-json\/wp\/v2\/posts\/9708\/revisions"}],"predecessor-version":[{"id":12742,"href":"https:\/\/www.michelecaffin-decryptagedentaire.com\/it\/wp-json\/wp\/v2\/posts\/9708\/revisions\/12742"}],"wp:featuredmedia":[{"embeddable":true,"href":"https:\/\/www.michelecaffin-decryptagedentaire.com\/it\/wp-json\/wp\/v2\/media\/9709"}],"wp:attachment":[{"href":"https:\/\/www.michelecaffin-decryptagedentaire.com\/it\/wp-json\/wp\/v2\/media?parent=9708"}],"wp:term":[{"taxonomy":"category","embeddable":true,"href":"https:\/\/www.michelecaffin-decryptagedentaire.com\/it\/wp-json\/wp\/v2\/categories?post=9708"},{"taxonomy":"post_tag","embeddable":true,"href":"https:\/\/www.michelecaffin-decryptagedentaire.com\/it\/wp-json\/wp\/v2\/tags?post=9708"}],"curies":[{"name":"wp","href":"https:\/\/api.w.org\/{rel}","templated":true}]}}